[{"@context":"https:\/\/schema.org\/","@type":"Article","@id":"https:\/\/www.compex.sk\/ake-produkty-potrebujete-mat-v-lete-v-kabelke\/#Article","mainEntityOfPage":"https:\/\/www.compex.sk\/ake-produkty-potrebujete-mat-v-lete-v-kabelke\/","headline":"Ak\u00e9 produkty potrebujete ma\u0165 v lete v kabelke?","name":"Ak\u00e9 produkty potrebujete ma\u0165 v lete v kabelke?","description":"Balzam na pery\u00a0\u00a0\u00a0\u00a0 Pery si vy\u017eaduj\u00fa pravideln\u00fa hydrat\u00e1ciu, a\u00a0to najm\u00e4 v\u00a0lete, kedy s\u00fa vystaven\u00e9 slne\u010dn\u00fdm l\u00fa\u010dom. Preto v\u00a0letn\u00fdch mesiacoch zvo\u013ete balzam s\u00a0ochrann\u00fdm faktorom a\u00a0pravidelne&hellip;","datePublished":"2025-02-26","dateModified":"2023-04-28","author":{"@type":"Person","@id":"https:\/\/www.compex.sk\/author\/#Person","name":"","url":"https:\/\/www.compex.sk\/author\/","identifier":1,"image":{"@type":"ImageObject","@id":"https:\/\/secure.gravatar.com\/avatar\/4eaadff62661a2c38386085c87f88f683e575f9fda122ff8560bf1208996f3c5?s=96&d=mm&r=g","url":"https:\/\/secure.gravatar.com\/avatar\/4eaadff62661a2c38386085c87f88f683e575f9fda122ff8560bf1208996f3c5?s=96&d=mm&r=g","height":96,"width":96}},"publisher":{"@type":"Organization","name":"compex.sk","logo":{"@type":"ImageObject","@id":"\/logo.png","url":"\/logo.png","width":600,"height":60}},"image":{"@type":"ImageObject","@id":"https:\/\/www.compex.sk\/wp-content\/uploads\/img_a290770_w2035_t1536075392.jpg","url":"https:\/\/www.compex.sk\/wp-content\/uploads\/img_a290770_w2035_t1536075392.jpg","height":0,"width":0},"url":"https:\/\/www.compex.sk\/ake-produkty-potrebujete-mat-v-lete-v-kabelke\/","wordCount":403,"articleBody":"Balzam na pery\u00a0\u00a0\u00a0\u00a0 Pery si vy\u017eaduj\u00fa pravideln\u00fa hydrat\u00e1ciu, a\u00a0to najm\u00e4 v\u00a0lete, kedy s\u00fa vystaven\u00e9 slne\u010dn\u00fdm l\u00fa\u010dom. Preto v\u00a0letn\u00fdch mesiacoch zvo\u013ete balzam s\u00a0ochrann\u00fdm faktorom a\u00a0pravidelne ho po\u010das d\u0148a nan\u00e1\u0161ajte. Nezab\u00fadajte, \u017ee pery si nesmiete oblizova\u0165, inak ich e\u0161te viac vysu\u0161\u00edte.Opa\u013eovac\u00ed kr\u00e9mAj ke\u010f sa mo\u017eno nechyst\u00e1te pr\u00e1ve na pl\u00e1\u017e, majte opa\u013eovac\u00ed kr\u00e9m v\u017edy pri sebe. Nikdy neviete, \u010di v\u00e1\u0161 spoj nebude ma\u0165 me\u0161kanie a\u00a0\u010di sa budete ma\u0165 kam schova\u0165 pred priamymi slne\u010dn\u00fdmi l\u00fa\u010dmi. Na tv\u00e1r zvo\u013ete faktor 50 plus, aby ste sa vyhli tvorbe pigmentov\u00fdch \u0161kv\u0155n. Nezabudnite si zvoli\u0165 kr\u00e9m, ktor\u00fd nezanech\u00e1va stopy na \u0161atstve.F\u013ea\u0161a s\u00a0vodouHydrat\u00e1cia zvn\u00fatra je najd\u00f4le\u017eitej\u0161ia. Zadov\u00e1\u017ete si sklenen\u00fa f\u013ea\u0161ku v\u00a0ktorej budete nosi\u0165 \u010dist\u00fa a\u00a0\u010derstv\u00fa vodu st\u00e1le pri sebe. Nemus\u00edte sa ob\u00e1va\u0165, \u017ee sa v\u00e1m v\u00a0kabelke rozbije. S\u00fa dosta\u0165 l\u00e1tkov\u00e9 \u010di gumen\u00e9 puzdra pr\u00e1ve pre tak\u00fdto pr\u00edpad. Vyhnite sa jednorazov\u00fdm plastov\u00fdm f\u013ea\u0161iam a\u00a0sladen\u00fdm n\u00e1pojom. Sklenen\u00fa f\u013ea\u0161ku ka\u017ed\u00fd de\u0148 vylejte a\u00a0vy\u010distite, aby sa v\u00a0nej nemno\u017eili bakt\u00e9rie.Slne\u010dn\u00e9 okuliareNevyhnutnos\u0165 pri \u0161of\u00e9rovan\u00ed, no ocen\u00edte\u00a0 ich aj pri prech\u00e1dzan\u00ed mestom do pr\u00e1ce. Vyberajte si tie zo \u0161pecializovan\u00fdch predajn\u00ed, kde m\u00e1te zaru\u010den\u00e9, \u017ee va\u0161e o\u010di spo\u013eahlivo ochr\u00e1nia. Nezabudnite si k\u00a0nim dok\u00fapi\u0165 puzdro, aby sa v\u00e1m v\u00a0kabelke nezni\u010dili skl\u00e1 alebo r\u00e1my.Vej\u00e1rAk cestujete do pr\u00e1ce mestskou hromadnou dopravou alebo stoj\u00edte v\u00a0rade na po\u0161te, ur\u010dite ho v\u00a0hor\u00facich letn\u00fdch d\u0148och ocen\u00edte. Navy\u0161e sl\u00fa\u017ei ako \u0161t\u00fdlov\u00fd m\u00f3dny doplnok.\u017duva\u010dkyS\u00fa v kabelke potrebn\u00e9 nielen v\u00a0lete ale po cel\u00fd rok. Zabezpe\u010dia v\u00e1m svie\u017eos\u0165 po ka\u017edom jedle a\u00a0to po cel\u00fd de\u0148.AntiperspirantV\u00a0lete sa viac pot\u00edme a\u00a0preto sa vrstva antiperspirantu \u013eah\u0161ie vytrat\u00ed. Majte jeden st\u00e1le pri sebe, aby ste aj po\u010das d\u0148a nemuseli ma\u0165 obavy zo z\u00e1pachu. Sk\u00faste vymeni\u0165 sprejov\u00e9 varianty za tie tekut\u00e9 s guli\u010dkou. S\u00fa menej \u0161kodliv\u00e9 pre prostredie.                                                                                                                                                                                                                                                                                                                                                                                        4.1\/5 - (8 votes)        "},{"@context":"https:\/\/schema.org\/","@type":"BreadcrumbList","itemListElement":[{"@type":"ListItem","position":1,"name":"Ak\u00e9 produkty potrebujete ma\u0165 v lete v kabelke?","item":"https:\/\/www.compex.sk\/ake-produkty-potrebujete-mat-v-lete-v-kabelke\/#breadcrumbitem"}]}]