[{"@context":"https:\/\/schema.org\/","@type":"Article","@id":"https:\/\/www.compex.sk\/ako-si-zariadit-kuchynu-aby-ste-sa-v-nej-vzdy-citili-prijemne\/#Article","mainEntityOfPage":"https:\/\/www.compex.sk\/ako-si-zariadit-kuchynu-aby-ste-sa-v-nej-vzdy-citili-prijemne\/","headline":"Ako si zariadi\u0165 kuchy\u0148u, aby ste sa v nej v\u017edy c\u00edtili pr\u00edjemne","name":"Ako si zariadi\u0165 kuchy\u0148u, aby ste sa v nej v\u017edy c\u00edtili pr\u00edjemne","description":"Ak patr\u00edte medzi \u013eud\u00ed, ktor\u00ed v kuchyni tr\u00e1via ve\u013ea alebo mo\u017eno najviac vo\u013en\u00e9ho \u010dasu, dajte si z\u00e1le\u017ea\u0165 na tom, aby ste sa v nej&hellip;","datePublished":"2018-05-02","dateModified":"2023-04-28","author":{"@type":"Person","@id":"https:\/\/www.compex.sk\/author\/#Person","name":"","url":"https:\/\/www.compex.sk\/author\/","identifier":1,"image":{"@type":"ImageObject","@id":"https:\/\/secure.gravatar.com\/avatar\/4eaadff62661a2c38386085c87f88f683e575f9fda122ff8560bf1208996f3c5?s=96&d=mm&r=g","url":"https:\/\/secure.gravatar.com\/avatar\/4eaadff62661a2c38386085c87f88f683e575f9fda122ff8560bf1208996f3c5?s=96&d=mm&r=g","height":96,"width":96}},"publisher":{"@type":"Organization","name":"compex.sk","logo":{"@type":"ImageObject","@id":"\/logo.png","url":"\/logo.png","width":600,"height":60}},"image":{"@type":"ImageObject","@id":"https:\/\/www.compex.sk\/wp-content\/uploads\/img_a289248_w16469_t1530546780.jpg","url":"https:\/\/www.compex.sk\/wp-content\/uploads\/img_a289248_w16469_t1530546780.jpg","height":0,"width":0},"url":"https:\/\/www.compex.sk\/ako-si-zariadit-kuchynu-aby-ste-sa-v-nej-vzdy-citili-prijemne\/","wordCount":397,"articleBody":"Ak patr\u00edte medzi \u013eud\u00ed, ktor\u00ed v kuchyni tr\u00e1via ve\u013ea alebo mo\u017eno najviac vo\u013en\u00e9ho \u010dasu, dajte si z\u00e1le\u017ea\u0165 na tom, aby ste sa v nej c\u00edtili skuto\u010dne dobre. Pri v\u00fdbere kuchyne teda nezabudnite na d\u00f4le\u017eit\u00e9 body.Pred t\u00fdm ako sa pust\u00edte do pl\u00e1novanie va\u0161ej novej kuchyne by ste si mali ujasni\u0165, ako \u010dasto var\u00edte a teda ko\u013eko priestoru pre \u0148u budete potrebova\u0165. Ak teda \u017eijete v byte dvaja, kuchy\u0148a nemus\u00ed by\u0165 bezprostredne najv\u00e4\u010d\u0161\u00edm miestom vo va\u0161om byte.Kuchy\u0148a je jedna z miestnosti, ktor\u00e1 okrem toho, \u017ee mus\u00ed dobre vyzera\u0165 pln\u00ed aj \u010fal\u0161iu d\u00f4le\u017eit\u00fa \u00falohu a to: funk\u010dnos\u0165. Pri zaria\u010fovan\u00ed va\u0161ej kuchyne teda myslite najm\u00e4 na to, aby bolo v\u0161etko d\u00f4le\u017eit\u00e9 \u010do najlep\u0161ie dostupn\u00e9 a teda aby bol pohyb v nej komfortn\u00fd.Nezab\u00fadajte na to, \u017ee kuchy\u0148a funguje najm\u00e4 na spotrebi\u010doch a teda na elektrickom pr\u00fade. V\u0161etko mus\u00ed by\u0165 v akceptovate\u013enej vzdialenosti tak, aby v\u0161etky elektrick\u00e9 spotrebi\u010de do\u010diahli do z\u00e1suviek.Pred t\u00fdm, ako sa rozhodnete pre mont\u00e1\u017e novej kuchynskej linky, podlaha a steny by mali by\u0165 (takmer) dokon\u010den\u00e9.Aj ke\u010f leskl\u00e9 povrchy vyzeraj\u00fa ve\u013emi dobre, myslite na to, \u017ee sa bud\u00fa ve\u013emi \u0165a\u017eko um\u00fdva\u0165 a preto si poriadne premyslite, \u010di v\u00e1m pekn\u00e1 kuchynsk\u00e1 doska stoj\u00ed za v\u0161etok ten \u010das, \u010do str\u00e1vite jej \u010disten\u00edm.Verte, \u017ee jedno svetlo v kuchyni v\u00e1m sta\u010di\u0165 ur\u010dite nebude. Kuchy\u0148a je toti\u017e miesto, kde potrebujete najviac svetla v celom dome. Poprem\u00fd\u0161\u013eajte preto nad t\u00fdm, kam by sa \u010dasom dalo umiestni\u0165 \u010fal\u0161ie svetlo alebo si ho zria\u010fte hne\u010f pri prestavbe.Ak prem\u00fd\u0161\u013eate nad poli\u010dkami, tie\u017e t\u00fato mo\u017enos\u0165 poriadne zv\u00e1\u017ete. Zvykne na toti\u017e sada\u0165 mno\u017estvo prachu a budete na ne uklada\u0165 len zbyto\u010dnosti. A teda tie\u017e \u010fal\u0161ia pr\u00e1ca navy\u0161e, ktor\u00e1 nemusela v\u00f4bec by\u0165.Pr\u00edjemn\u00e9 s u\u017eito\u010dn\u00fdm m\u00f4\u017eete spoji\u0165 aj tak\u00fdm sp\u00f4sobom, \u017ee na stenu zaves\u00edte dreven\u00fa dosku, na ktor\u00fa pripevn\u00edte \u00fachytky na nabera\u010dky a varechy. Okrem dobre vyu\u017eit\u00e9ho miesta a funk\u010dnosti vytvor\u00edte na stene aj pr\u00edjemn\u00fa dekor\u00e1ciu.\u00a0                                                                                                                                                                                                                                                                                                                                                                                        3.7\/5 - (11 votes)        "},{"@context":"https:\/\/schema.org\/","@type":"BreadcrumbList","itemListElement":[{"@type":"ListItem","position":1,"name":"Ako si zariadi\u0165 kuchy\u0148u, aby ste sa v nej v\u017edy c\u00edtili pr\u00edjemne","item":"https:\/\/www.compex.sk\/ako-si-zariadit-kuchynu-aby-ste-sa-v-nej-vzdy-citili-prijemne\/#breadcrumbitem"}]}]