[{"@context":"https:\/\/schema.org\/","@type":"Article","@id":"https:\/\/www.compex.sk\/ako-zvysovat-kvalitu-studentov-ludi-ktori-raz-budu-nasou-buducnostou\/#Article","mainEntityOfPage":"https:\/\/www.compex.sk\/ako-zvysovat-kvalitu-studentov-ludi-ktori-raz-budu-nasou-buducnostou\/","headline":"Ako zvy\u0161ova\u0165 kvalitu \u0161tudentov, \u013eud\u00ed, ktor\u00ed raz bud\u00fa na\u0161ou bud\u00facnos\u0165ou?","name":"Ako zvy\u0161ova\u0165 kvalitu \u0161tudentov, \u013eud\u00ed, ktor\u00ed raz bud\u00fa na\u0161ou bud\u00facnos\u0165ou?","description":"\u0160tudenti \u010dasto naberaj\u00fa inform\u00e1cie, ktor\u00e9 s\u00fa v be\u017enom \u017eivote nepou\u017eite\u013en\u00e9. Ako spolu teda s\u00favis\u00ed vzdelanie a \u017eivot po \u0161kole ? So vzdel\u00e1vac\u00edm syst\u00e9mom na&hellip;","datePublished":"2017-05-24","dateModified":"2023-04-28","author":{"@type":"Person","@id":"https:\/\/www.compex.sk\/author\/#Person","name":"","url":"https:\/\/www.compex.sk\/author\/","identifier":1,"image":{"@type":"ImageObject","@id":"https:\/\/secure.gravatar.com\/avatar\/4eaadff62661a2c38386085c87f88f683e575f9fda122ff8560bf1208996f3c5?s=96&d=mm&r=g","url":"https:\/\/secure.gravatar.com\/avatar\/4eaadff62661a2c38386085c87f88f683e575f9fda122ff8560bf1208996f3c5?s=96&d=mm&r=g","height":96,"width":96}},"publisher":{"@type":"Organization","name":"compex.sk","logo":{"@type":"ImageObject","@id":"\/logo.png","url":"\/logo.png","width":600,"height":60}},"image":{"@type":"ImageObject","@id":"https:\/\/www.compex.sk\/wp-content\/uploads\/img_a281490_w2025_t1500917162.jpg","url":"https:\/\/www.compex.sk\/wp-content\/uploads\/img_a281490_w2025_t1500917162.jpg","height":0,"width":0},"url":"https:\/\/www.compex.sk\/ako-zvysovat-kvalitu-studentov-ludi-ktori-raz-budu-nasou-buducnostou\/","wordCount":538,"articleBody":"\u0160tudenti \u010dasto naberaj\u00fa inform\u00e1cie, ktor\u00e9 s\u00fa v be\u017enom \u017eivote nepou\u017eite\u013en\u00e9. Ako spolu teda s\u00favis\u00ed vzdelanie a \u017eivot po \u0161kole ? So vzdel\u00e1vac\u00edm syst\u00e9mom na Slovensku je ve\u013emi \u0165a\u017ek\u00e9 bojova\u0165. Preto je d\u00f4le\u017eit\u00e9 \u0161tudentom u\u013eah\u010di\u0165 a spr\u00edjemni\u0165 vzdel\u00e1vanie pomocou ur\u010dit\u00fdch krokov.Motiv\u00e1cia\u201ePre\u010do sa to m\u00e1m u\u010di\u0165, ke\u010f je to \u00fapln\u00e1 hl\u00fapos\u0165 ?\u201c Na tak\u00fato ot\u00e1zku by mal pedag\u00f3g zareagova\u0165 s chladnou hlavou a vysvetli\u0165 \u0161tudentovi, \u010do je na danej t\u00e9me fascinuj\u00face.Pripravova\u0165 \u0161tudentov na \u017eivot po \u0161kole, nie na \u010fal\u0161iu \u0161kolu \u0160tudent by teda mohol o\u010dak\u00e1va\u0165, \u010do ho \u010dak\u00e1 v \u010fal\u0161ej \u0161kole, ale ke\u010f sa dostane do be\u017en\u00e9ho \u017eivota nebude vedie\u0165 ako pokra\u010dova\u0165. Vie toti\u017e ako funguje \u0161kolsk\u00fd syst\u00e9m, ale nevie ni\u010d o re\u00e1lnom \u017eivote. Aby \u0161tudent nemusel zbyto\u010dne panik\u00e1ri\u0165 v akom svete sa ocitol, bolo by spr\u00e1vne, aby pr\u00e1ve pedag\u00f3g vysvet\u013eoval \u0161tudentom ak\u00fd \u017eivot nasleduje po \u0161kole.Vysvetli\u0165 \u0161tudentom, kde v \u017eivote sa m\u00f4\u017eu stretn\u00fa\u0165 s danou problematikou Ke\u010f sa u\u017e musia nie\u010do nau\u010di\u0165, mali by vedie\u0165 pre\u010do to robia. Nikto v be\u017enom \u017eivote nechce robi\u0165 nie\u010do, \u010domu nerozumie. Ka\u017ed\u00fd predmet a odvetvie z neho sa d\u00e1 vysvetli\u0165 praktick\u00fdm pr\u00edkladom.Hodnoti\u0165 sa medzi sebou Zn\u00e1mou vecou je, \u017ee sa \u0161tudenti radi porovn\u00e1vaj\u00fa. Nemaj\u00fa v\u0161ak priestor vysk\u00fa\u0161a\u0165 si to na hodin\u00e1ch, a preto vznikaj\u00fa r\u00f4zne konflikty medzi mlad\u00fdmi \u013eu\u010fmi v ich s\u00fakrom\u00ed. \u010co ak by sa v\u0161ak porovn\u00e1vali na hodin\u00e1ch medzi sebou a pedag\u00f3g by ich dok\u00e1zal koordinova\u0165 ? \u0160tudenti by sa teda dok\u00e1zali navz\u00e1jom podporova\u0165 a pom\u00e1ha\u0165 pri veciach, ktor\u00fdm nerozumej\u00fa.Uvedomi\u0165 si svoje vlastn\u00e9 siln\u00e9 str\u00e1nky v danom odbore\/ v danom predmete Nez\u00e1le\u017e\u00ed na tom, \u010di v\u00e1m matematika v\u00f4bec nejde. D\u00f4le\u017eit\u00e9 je uvedomi\u0165 si, ktor\u00e9 str\u00e1nky va\u0161ej osobnosti vedia nar\u00e1ba\u0165 s \u010d\u00edslami. Ak \u0161tudentovi nejde po\u010d\u00edtanie rovn\u00edc, m\u00f4\u017ee by\u0165 dobr\u00fd v zapam\u00e4t\u00e1van\u00ed r\u00f4znych \u010d\u00edslic.Necha\u0165 ich prejavi\u0165 vlastn\u00fd n\u00e1zor Vo v\u0161eobecnosti h\u013ead\u00e1me uvedomel\u00fdch a inteligentn\u00fdch \u013eud\u00ed. Na to, aby sme pripravili \u0161tudenta na jeho bud\u00facnos\u0165 a povolanie, mus\u00ed sa vedie\u0165 vyjadrova\u0165. Dobrou pr\u00edpravou preto bude, ak nech\u00e1me mlad\u00fdch \u013eud\u00ed hovori\u0165 sam\u00fdch za seba a nech\u00e1me im priestor rozv\u00edja\u0165 sa.Necha\u0165 ich hovori\u0165 o veciach, ktor\u00e9 vedia navy\u0161e o danej t\u00e9me Pedag\u00f3g by sa nemal dr\u017ea\u0165 jednej osnovy. Mal by da\u0165 \u0161tudentom mo\u017enos\u0165 hovori\u0165 o inform\u00e1ci\u00e1ch, ktor\u00e9 nadobudol \u010d\u00edtan\u00edm vo svojom s\u00fakrom\u00ed. Hodina by sa stala z\u00e1bavnej\u0161ou a \u0161tudenti by si z hod\u00edn zapam\u00e4t\u00e1vali viac.Pripravujme mlad\u00fdch \u013eud\u00ed na \u017eivot, ktor\u00fd ich \u010dak\u00e1 vo svete, nie len na \u017eivot v \u0161kole. \u0160tudenti tak bud\u00fa du\u0161evne r\u00e1s\u0165 a celkov\u00e1 spolo\u010dnos\u0165 sa bude meni\u0165 k lep\u0161iemu, preto\u017ee budeme ma\u0165 omnoho viac inteligentn\u00fdch \u013eud\u00ed, ak im dovol\u00edme rozv\u00edja\u0165 svoje schopnosti.                                                                                                                                                                                                                                                                                                                                                                                        3.6\/5 - (5 votes)        "},{"@context":"https:\/\/schema.org\/","@type":"BreadcrumbList","itemListElement":[{"@type":"ListItem","position":1,"name":"Ako zvy\u0161ova\u0165 kvalitu \u0161tudentov, \u013eud\u00ed, ktor\u00ed raz bud\u00fa na\u0161ou bud\u00facnos\u0165ou?","item":"https:\/\/www.compex.sk\/ako-zvysovat-kvalitu-studentov-ludi-ktori-raz-budu-nasou-buducnostou\/#breadcrumbitem"}]}]