[{"@context":"https:\/\/schema.org\/","@type":"Article","@id":"https:\/\/www.compex.sk\/co-ovplyvnuje-to-ako-clovek-preziva-nezamestnanost-a-ako-ju-zvlada\/#Article","mainEntityOfPage":"https:\/\/www.compex.sk\/co-ovplyvnuje-to-ako-clovek-preziva-nezamestnanost-a-ako-ju-zvlada\/","headline":"\u010co ovplyv\u0148uje to ako \u010dlovek pre\u017e\u00edva nezamestnanos\u0165 a ako ju zvl\u00e1da ?","name":"\u010co ovplyv\u0148uje to ako \u010dlovek pre\u017e\u00edva nezamestnanos\u0165 a ako ju zvl\u00e1da ?","description":"To ako \u010dlovek pre\u017e\u00edva nezamestnanos\u0165 z\u00e1vis\u00ed od viacer\u00fdch faktorov. Po\u010fme si teraz o\u00a0niektor\u00fdch z\u00a0nich poveda\u0165 a\u00a0mo\u017eno zmenia V\u00e1\u0161 poh\u013ead na to, \u010do tak\u00e1to osoba&hellip;","datePublished":"2025-03-03","dateModified":"2023-04-28","author":{"@type":"Person","@id":"https:\/\/www.compex.sk\/author\/#Person","name":"","url":"https:\/\/www.compex.sk\/author\/","identifier":1,"image":{"@type":"ImageObject","@id":"https:\/\/secure.gravatar.com\/avatar\/4eaadff62661a2c38386085c87f88f683e575f9fda122ff8560bf1208996f3c5?s=96&d=mm&r=g","url":"https:\/\/secure.gravatar.com\/avatar\/4eaadff62661a2c38386085c87f88f683e575f9fda122ff8560bf1208996f3c5?s=96&d=mm&r=g","height":96,"width":96}},"publisher":{"@type":"Organization","name":"compex.sk","logo":{"@type":"ImageObject","@id":"\/logo.png","url":"\/logo.png","width":600,"height":60}},"image":{"@type":"ImageObject","@id":"https:\/\/www.compex.sk\/wp-content\/uploads\/img_a286007_w2035_t1521576269.jpg","url":"https:\/\/www.compex.sk\/wp-content\/uploads\/img_a286007_w2035_t1521576269.jpg","height":0,"width":0},"url":"https:\/\/www.compex.sk\/co-ovplyvnuje-to-ako-clovek-preziva-nezamestnanost-a-ako-ju-zvlada\/","wordCount":467,"articleBody":"To ako \u010dlovek pre\u017e\u00edva nezamestnanos\u0165 z\u00e1vis\u00ed od viacer\u00fdch faktorov. Po\u010fme si teraz o\u00a0niektor\u00fdch z\u00a0nich poveda\u0165 a\u00a0mo\u017eno zmenia V\u00e1\u0161 poh\u013ead na to, \u010do tak\u00e1to osoba pre\u017e\u00edva a\u00a0pre\u010do kon\u00e1 tak ako kon\u00e1. Prv\u00fdm z\u00a0faktorov, ktor\u00e9 rozhoduj\u00fa o\u00a0tom \u010di dan\u00e1 osoba dok\u00e1\u017ee zvl\u00e1dnu\u0165 situ\u00e1ciu ke\u010f pri\u0161la o\u00a0pr\u00e1cu je odolnos\u0165 dan\u00e9ho \u010dloveka vo\u010di psychickej z\u00e1\u0165a\u017ei. Lep\u0161ie sa so stratou pr\u00e1ce vyrovn\u00e1vaj\u00fa toti\u017eto t\u00ed, ktor\u00ed h\u013eadaj\u00fa pr\u00ed\u010dinu v sebe, nepodliehaj\u00fa panike, s\u00fa akt\u00edvnej\u0161\u00ed pri h\u013eadan\u00ed pr\u00e1ce a\u00a0hlavne vidia nov\u00fa osobn\u00fa \u0161ancu, pr\u00edle\u017eitos\u0165 nie\u010do zmeni\u0165.Druh\u00fdm v\u00fdrazn\u00fdm faktorom je vek osoby, ktor\u00e1 pri\u0161la o\u00a0pr\u00e1cu. Stratu pr\u00e1ce naj\u0165a\u017e\u0161ie vn\u00edmaj\u00fa \u013eudia vo veku 25 a\u017e 45 rokov, ktor\u00ed u\u017e maj\u00fa finan\u010dn\u00fa zodpovednos\u0165 za rodinu. A\u00a0naopak, najmenej za\u0165a\u017euj\u00faco vn\u00edma stratu pr\u00e1ce skupina \u013eud\u00ed vo veku od 50 do 64 rokov a\u00a0od 16 do 19 rokov. \u010co sa t\u00fdka pohlavia, tak ak strat\u00ed pr\u00e1cu \u017eena, na zmenu jej role sa pozer\u00e1 inak ako na zmenu role mu\u017ea ako \u017eivite\u013ea rodiny. \u017dena m\u00e1 mo\u017enos\u0165 stiahnu\u0165 sa do rodinnej oblasti. V\u00a0hodnote \u017eivotnej spokojnosti a spolo\u010densk\u00e9ho uznania nezamestnan\u00e9 \u017eeny uv\u00e1dzaj\u00fa viac ako mu\u017ei, \u017ee sa c\u00edtia podr\u00e1\u017eden\u00e9, unaven\u00e9, depres\u00edvne a sk\u013e\u00fa\u010den\u00e9, \u010dasto s\u00fa nerv\u00f3zne a nespokojn\u00e9 so svojim vzdelan\u00edm a\u00a0zdrav\u00edm.Rozdiely s\u00fa aj v reakci\u00e1ch na finan\u010dn\u00e9 \u0165a\u017ekosti: mu\u017ei sa ob\u00e1vaj\u00fa viac nepriamych d\u00f4sledkov ako je strata statusu, zatia\u013e \u010do u \u017eien s\u00fa obavy spojen\u00e9 s priamymi d\u00f4sledkami ako je napr\u00edklad platenie \u00fa\u010dtov. Mu\u017ei bez zamestnania uv\u00e1dzaj\u00fa ako hlavn\u00e9 zdroje stresu po finan\u010dnej str\u00e1nke to, \u017ee pr\u00eddu o slu\u017eobn\u00e9 auto, stratia poz\u00edciu \u017eivite\u013ea rodiny, bud\u00fa trpie\u0165 nedostatkom stravy a\u00a0dlhmi. Naopak \u017eeny uv\u00e1dzaj\u00fa obmedzovanie vo v\u00fdbere potrav\u00edn, nedostatok prostriedkov na dovolenky a spolo\u010densk\u00e9 akcie. Nezamestnanos\u0165 otca rodiny zvy\u0161uje hladinu nap\u00e4tia v rodine a \u010dastej\u0161ie doch\u00e1dza k zanedb\u00e1vaniu a zneu\u017e\u00edvaniu det\u00ed.\u00dasporn\u00e9 opatrenia v dobe straty pr\u00e1ce Opatrenia, ktor\u00e9 je potrebn\u00e9 zabezpe\u010di\u0165 v\u00a0situ\u00e1cii kedy ste pri\u0161li o\u00a0pr\u00e1cu obmedzuj\u00fa napr\u00edklad aj aktivity vo\u013en\u00e9ho \u010dasu \u010do m\u00f4\u017ee vyvol\u00e1va\u0165 nepr\u00edjemn\u00e9 pocity v r\u00e1mci \u017eivotn\u00e9ho \u0161t\u00fdlu rodiny a dlhodobo nezamestnan\u00ed trpia depresiami, ktor\u00e9 sa prejavuj\u00fa nadpriemernou \u00fanavou aj bez predch\u00e1dzaj\u00facej pracovnej z\u00e1\u0165a\u017ee a objavuje sa pasivita. Rodinn\u00e9 z\u00e1zemie by malo by\u0165 hlavnou \u017eivotnou oporou kde zara\u010fujeme hlavne rodi\u010dov, partnerov, deti a\u00a0pr\u00edbuzn\u00fdch.\u00a0                                                                                                                                                                                                                                                                                                                                                                                        4\/5 - (4 votes)        "},{"@context":"https:\/\/schema.org\/","@type":"BreadcrumbList","itemListElement":[{"@type":"ListItem","position":1,"name":"\u010co ovplyv\u0148uje to ako \u010dlovek pre\u017e\u00edva nezamestnanos\u0165 a ako ju zvl\u00e1da ?","item":"https:\/\/www.compex.sk\/co-ovplyvnuje-to-ako-clovek-preziva-nezamestnanost-a-ako-ju-zvlada\/#breadcrumbitem"}]}]