[{"@context":"https:\/\/schema.org\/","@type":"Article","@id":"https:\/\/www.compex.sk\/damske-mikiny-a-kardigany\/#Article","mainEntityOfPage":"https:\/\/www.compex.sk\/damske-mikiny-a-kardigany\/","headline":"D\u00e1mske mikiny a kardig\u00e1ny","name":"D\u00e1mske mikiny a kardig\u00e1ny","description":"U\u017e v\u00e1s nebav\u00ed neust\u00e1le sledova\u0165 po\u010dasie, ktor\u00e9 je aj tak \u010dastokr\u00e1t nepresn\u00e9? M\u00e1te pocit, \u017ee je nevyspytate\u013en\u00e9 a m\u00e1te probl\u00e9m s t\u00fdm, \u010do si&hellip;","datePublished":"2022-06-15","dateModified":"2023-04-28","author":{"@type":"Person","@id":"https:\/\/www.compex.sk\/author\/#Person","name":"","url":"https:\/\/www.compex.sk\/author\/","identifier":1,"image":{"@type":"ImageObject","@id":"https:\/\/secure.gravatar.com\/avatar\/4eaadff62661a2c38386085c87f88f683e575f9fda122ff8560bf1208996f3c5?s=96&d=mm&r=g","url":"https:\/\/secure.gravatar.com\/avatar\/4eaadff62661a2c38386085c87f88f683e575f9fda122ff8560bf1208996f3c5?s=96&d=mm&r=g","height":96,"width":96}},"publisher":{"@type":"Organization","name":"compex.sk","logo":{"@type":"ImageObject","@id":"\/logo.png","url":"\/logo.png","width":600,"height":60}},"image":{"@type":"ImageObject","@id":"https:\/\/www.compex.sk\/wp-content\/uploads\/people-2591874_1920.jpg","url":"https:\/\/www.compex.sk\/wp-content\/uploads\/people-2591874_1920.jpg","height":0,"width":0},"url":"https:\/\/www.compex.sk\/damske-mikiny-a-kardigany\/","about":["Nakupovanie"],"wordCount":419,"articleBody":"   U\u017e v\u00e1s nebav\u00ed neust\u00e1le sledova\u0165 po\u010dasie, ktor\u00e9 je aj tak \u010dastokr\u00e1t nepresn\u00e9? M\u00e1te pocit, \u017ee je nevyspytate\u013en\u00e9 a m\u00e1te probl\u00e9m s t\u00fdm, \u010do si m\u00e1te obliec\u0165? Z\u00e1rove\u0148 sa v\u00e1m nechce so sebou v\u0161ade vl\u00e1\u010di\u0165 bundu, v ktorej v\u00e1m bude aj tak neskuto\u010dne teplo. Av\u0161ak, ke\u010f si ju so sebou nezoberiete, tak to \u013eutujete a je v\u00e1m zima? Ve\u010f kto sa m\u00e1 u\u017e v tom v\u0161etkom vedie\u0165 vysom\u00e1ri\u0165! Nevieme, \u010do si m\u00e1me obliec\u0165 my sami a nie to e\u0161te vedie\u0165 vhodne obliec\u0165 svoje die\u0165a, aby n\u00e1m nebodaj neprechladlo. M\u00e1me pre v\u00e1s rie\u0161enie, ktor\u00e9 t\u00fato \u0165a\u017ek\u00fa dilemu vyrie\u0161i a nebudete ma\u0165 zbyto\u010dn\u00e9 starosti, ktor\u00e9 n\u00e1s postihuj\u00fa na dennej b\u00e1ze. Ve\u010f nem\u00e1me toho aj tak ka\u017ed\u00fd de\u0148 dos\u0165? Na na\u0161ej str\u00e1nke n\u00e1jdete rie\u0161enie spom\u00ednan\u00fdch dilem.Ak ste typ \u010dloveka, ktor\u00fd potrebuje ma\u0165 na sebe prehoden\u00fa miniku, tak nev\u00e1hajte n\u00e1js\u0165 t\u00fa prav\u00fa! M\u00e1te mo\u017enos\u0165 v\u00fdberu z pomedzi mik\u00edn a kardigenu s kapuc\u0148ou alebo bez nej. Ak v\u00e1m zase mikina prek\u00e1\u017ea a ob\u013eubujete rad\u0161ej nie\u010do vzdu\u0161nej\u0161ie, tak pre v\u00e1s bude skvelou vo\u013ebou kardig\u00e1n, ktor\u00fd si m\u00f4\u017eete jednoducho stiahnu\u0165 opaskom, alebo necha\u0165 vo\u013ene nestiahnut\u00fd. V\u00fdborn\u00fa s\u00fa tie\u017e kardig\u00e1ny, ktor\u00e9 maj\u00fa kapuc\u0148u a ochr\u00e1nia v\u00e1s pred da\u017e\u010fom \u010di do konca vetrom. S\u00fa vyr\u00e1ban\u00e9 z prvotriedneho materi\u00e1lu, ktor\u00fd v\u00e1s jednozna\u010dne zahreje a napln\u00ed va\u0161e po\u017eiadavky. M\u00e1te mo\u017enos\u0165 teda v\u00fdberu z kardig\u00e1nov, ktor\u00e9 s\u00fa ten\u0161ieho materi\u00e1lu, hrub\u0161ieho alebo s kapuc\u0148ou \u010di dokonca kombin\u00e1ciou viacer\u00fdch spom\u00ednan\u00fdch vlastnost\u00ed.Na str\u00e1nke si m\u00f4\u017eete v\u0161imn\u00fa\u0165, \u017ee m\u00e1te mo\u017enos\u0165 si zvoli\u0165 preferovan\u00fa farbu a z\u00e1rove\u0148 po\u017eadovan\u00fa ve\u013ekos\u0165, aby ste sa c\u00edtili vo svojej mikine \u010di kardig\u00e1ne komfortne. Po zak\u00fapen\u00ed ocen\u00edte materi\u00e1l, ktor\u00fd je \u00fa\u017easn\u00fd na dotyk a z\u00e1rove\u0148 pr\u00edjemn\u00fd na nosenie. Konkr\u00e9tne rozmery si m\u00f4\u017eete v\u0161imn\u00fa\u0165 a riadi\u0165 sa nimi pre spr\u00e1vne zvolenie ve\u013ekosti. V pr\u00edpade, \u017ee ste si nie ist\u00fd zak\u00fapen\u00edm produktu, nev\u00e1hajte si pre\u010d\u00edta\u0165 hodnotenia, ktor\u00e9 m\u00e1me zobrazen\u00e9 na na\u0161ej str\u00e1nke od z\u00e1kazn\u00edkov, ktor\u00fd boli rozhodne spokojn\u00ed.                                                                                                                                                                                                                                                                                                                                                                                                   "},{"@context":"https:\/\/schema.org\/","@type":"BreadcrumbList","itemListElement":[{"@type":"ListItem","position":1,"name":"D\u00e1mske mikiny a kardig\u00e1ny","item":"https:\/\/www.compex.sk\/damske-mikiny-a-kardigany\/#breadcrumbitem"}]}]