[{"@context":"https:\/\/schema.org\/","@type":"Article","@id":"https:\/\/www.compex.sk\/odkaz-generaciam\/#Article","mainEntityOfPage":"https:\/\/www.compex.sk\/odkaz-generaciam\/","headline":"Odkaz gener\u00e1ci\u00e1m","name":"Odkaz gener\u00e1ci\u00e1m","description":"Tak sa zamyslime, ak\u00fa neuverite\u013ene dlh\u00fa dobu je tu s nami aktivita menom \u010d\u00edtanie. Samozrejme i p\u00edsanie. Ak pozer\u00e1m do tej hist\u00f3rie, napadne ma&hellip;","datePublished":"2018-02-26","dateModified":"2023-04-28","author":{"@type":"Person","@id":"https:\/\/www.compex.sk\/author\/#Person","name":"","url":"https:\/\/www.compex.sk\/author\/","identifier":1,"image":{"@type":"ImageObject","@id":"https:\/\/secure.gravatar.com\/avatar\/4eaadff62661a2c38386085c87f88f683e575f9fda122ff8560bf1208996f3c5?s=96&d=mm&r=g","url":"https:\/\/secure.gravatar.com\/avatar\/4eaadff62661a2c38386085c87f88f683e575f9fda122ff8560bf1208996f3c5?s=96&d=mm&r=g","height":96,"width":96}},"publisher":{"@type":"Organization","name":"compex.sk","logo":{"@type":"ImageObject","@id":"\/logo.png","url":"\/logo.png","width":600,"height":60}},"image":{"@type":"ImageObject","@id":"https:\/\/www.compex.sk\/wp-content\/uploads\/img_a287277_w16484_t1524716962.jpg","url":"https:\/\/www.compex.sk\/wp-content\/uploads\/img_a287277_w16484_t1524716962.jpg","height":0,"width":0},"url":"https:\/\/www.compex.sk\/odkaz-generaciam\/","wordCount":417,"articleBody":"Tak sa zamyslime, ak\u00fa neuverite\u013ene dlh\u00fa dobu je tu s nami aktivita menom \u010d\u00edtanie. Samozrejme i p\u00edsanie. Ak pozer\u00e1m do tej hist\u00f3rie, napadne ma v prvom rade to p\u00edsanie. Predsa niekto musel nie\u010do nap\u00edsa\u0165, aby n\u00e1sledne druh\u00ed mohli \u010d\u00edta\u0165. Zoberme si, \u017ee u\u017e samotn\u00e1 Biblia je tu s nami ve\u013emi dlh\u00fa dobu a st\u00e1le patr\u00ed k najvz\u00e1cnej\u0161\u00edm spisom. St\u00e1le m\u00e1 nov\u0161iu a nov\u0161iu podobu, je prelo\u017een\u00e1 do v\u0161etk\u00fdch jazykov, no pritom podstata textu zost\u00e1va nemenenn\u00e1. Zoberme si, \u017ee v ka\u017edej etape na\u0161ej hist\u00f3rie sa v\u017edy na\u0161iel niekto, kto dok\u00e1zal svojim spisom ovplyvni\u0165 e\u0161te \u010fal\u0161ie a \u010fal\u0161ie gener\u00e1cie. Nie len samotn\u00fd jeden autor, ale napr\u00edklad aj spisovanie mnoh\u00fdch z\u00e1konov a ide\u00ed malo svoje opodstatnenie. Teda ak by v\u0161etky tieto spisy, ktor\u00e9 som spomenul nikto nikdy ne\u010d\u00edtal, bola by to obrovsk\u00e1 \u0161koda a dnes by sme boli na \u00farovni op\u00edc. Preto je potrebn\u00e9, aby sa p\u00edsalo a \u010d\u00edtalo i na\u010falej. Ak\u00e9 je \u010d\u00edtanie d\u00f4le\u017eit\u00e9 aj pre dne\u0161n\u00fa gener\u00e1ciu, sa do\u010d\u00edtate i-  Napadaj\u00fa ma aj r\u00f4zne diela a spisy tak\u00fdch slovensk\u00fdch osobnost\u00ed ako napr\u00edklad Holl\u00fd, \u0160t\u00far a Hod\u017ea a mnoh\u00fdch autorov podobn\u00e9ho zamerania. Mysl\u00edte si, \u017ee p\u00edsali iba pre to, aby potr\u00e1pili n\u00e1sledn\u00e9 gener\u00e1cie povinn\u00fdm \u0161kolsk\u00fdm \u010d\u00edtan\u00edm? To len dne\u0161n\u00fd \u0161kolsk\u00fd syst\u00e9m v tom nem\u00e1 jasno a osnovy u\u010denia maj\u00fa podobu, kedy tieto vz\u00e1cne diela de\u0165om znechucujeme, ako i samotn\u00fdch autorov. \u2022 Nemali by sme deti mu\u010di\u0165 t\u00fdm, aby si museli zapam\u00e4ta\u0165 presn\u00fd d\u00e1tum, kedy sa autor narodil a kedy zomrel a t\u00fdm, v presne ktorom dome sa narodil. Na tie d\u00e1tumy aj tak v dospelosti zabudn\u00fa. Mali by sme sa viac zaobera\u0165 skuto\u010dn\u00fdm d\u00f4vodom, \u010do n\u00e1m autori chceli odk\u00e1za\u0165 a pre\u010do si dali n\u00e1mahu nie\u010do pre n\u00e1s v podobe svojho diela zanecha\u0165. Ak\u00fa obetu museli vo svojej dobe podstupova\u0165! \u017de to p\u00edsali preto, aby zachovali slovensk\u00fd n\u00e1rod ako tak\u00fd, aby zachovali slovensk\u00fd jazyk, \u017ee to robili aj pre dobro dne\u0161n\u00fdch det\u00ed, aby boli slobodn\u00e9. Aby sme sa sna\u017eili i my zachova\u0165 si slobodu a aby sme videli aj kr\u00e1su \u017eivota, nielen nudn\u00e9 fakty.                                                                                                                                                                                                                                                                                                                                                                                        4.1\/5 - (9 votes)        "},{"@context":"https:\/\/schema.org\/","@type":"BreadcrumbList","itemListElement":[{"@type":"ListItem","position":1,"name":"Odkaz gener\u00e1ci\u00e1m","item":"https:\/\/www.compex.sk\/odkaz-generaciam\/#breadcrumbitem"}]}]